{"id":3229,"date":"2020-05-15T10:21:42","date_gmt":"2020-05-15T08:21:42","guid":{"rendered":"https:\/\/www.sicilying.com\/it\/blog\/?p=3229"},"modified":"2024-02-15T16:39:14","modified_gmt":"2024-02-15T15:39:14","slug":"monastero-dei-benedettini-di-catania-tra-cultura-storia-e-architettura","status":"publish","type":"post","link":"https:\/\/www.sicilying.com\/it\/blog\/monastero-dei-benedettini-di-catania-tra-cultura-storia-e-architettura\/","title":{"rendered":"Monastero dei Benedettini di Catania: tra cultura, storia e architettura"},"content":{"rendered":"\n<p>Il Monastero dei Benedettini di Catania \u00e8 una di quelle tappe irrinunciabili per chi trascorre qualche giorno a Catania. Dal fascino mistico e da un&#8217; architettura tardo-barocca siciliana, il monastero \u00e8 uno dei complessi benedettini pi\u00f9 grandi d&#8217;Europa divenuto patrimonio mondiale dell&#8217;Unesco nel 2002.<\/p>\n\n\n\n<p>Scopritelo insieme a <a href=\"https:\/\/www.sicilying.com\" target=\"_blank\" rel=\"noreferrer noopener\">Sicilying<\/a>!<\/p>\n\n\n\n<h2 class=\"wp-block-heading has-vivid-cyan-blue-color has-text-color\"><strong>Un po&#8217; di storia<\/strong><\/h2>\n\n\n\n<figure class=\"wp-block-image size-large is-resized\"><img loading=\"lazy\" decoding=\"async\" src=\"https:\/\/www.sicilying.com\/it\/blog\/wp-content\/uploads\/2020\/05\/monastero-benedettini-storia-gallery-5-1024x683.jpg\" alt=\"interni in marmo\" class=\"wp-image-3234\" width=\"666\" height=\"443\"\/><figcaption class=\"wp-element-caption\">\u00a9 Monasterodeibenedettini.it<\/figcaption><\/figure>\n\n\n\n<p>Il Monastero dei Benedettini di Catania <strong>venne costruito dai monaci cassinesi nel 1558<\/strong>,  e nel 1669 la zona fu colpita da una potente eruzione dell\u2019Etna che modific\u00f2 drasticamente il paesaggio intorno distruggendo la chiesa annessa al monastero.<\/p>\n\n\n\n<p class=\"has-text-align-center\"><a class=\"maxbutton-21 maxbutton maxbutton-scopri-i-misteri-di-catania\" title=\"Scopri i misteri di Catania\" href=\"https:\/\/www.sicilying.com\/arte-e-cultura\/tour-1-giorno\/tour-catania-1082\"><span class='mb-text'>Scopri i misteri di Catania<\/span><\/a>&nbsp;<\/p>\n\n\n\n<h2 class=\"wp-block-heading has-vivid-cyan-blue-color has-text-color\">Tra terremoti ed eruzioni<\/h2>\n\n\n\n<figure class=\"wp-block-image size-large is-resized\"><img loading=\"lazy\" decoding=\"async\" src=\"https:\/\/www.sicilying.com\/it\/blog\/wp-content\/uploads\/2020\/05\/monastero-benedettini-storia-gallery-0-1024x1024.jpg\" alt=\"Monastero dei Benedettini di Catania: il giardino\" class=\"wp-image-3236\" width=\"649\" height=\"649\"\/><figcaption class=\"wp-element-caption\">\u00a9 Monasterodeibenedettini.it<\/figcaption><\/figure>\n\n\n\n<p>La<strong> ricostruzione del monastero inizi\u00f2 nel 1687<\/strong>, ma nel 1693 un\u2019ennesima calamit\u00e0 naturale, ovvero un terremoto, lo rase quasi del tutto al suolo lasciando integri solo il piano interrato e parte del primo piano. Le ricostruzioni non cominciarono subito, ma ben nove anni dopo; tuttavia fu un\u2019attesa ben ricompensata in quanto la struttura fu ingrandita, migliorata e rinnovata in stile barocco conservando tutte le aree dedicate ai monaci.<\/p>\n\n\n\n<div class=\"wp-block-buttons is-layout-flex wp-block-buttons-is-layout-flex\">\n<div class=\"wp-block-button\"><a class=\"wp-block-button__link has-white-color has-luminous-vivid-orange-background-color has-text-color has-background wp-element-button\" href=\"https:\/\/www.sicilying.com\/it\/blog\/escursioni-etna-grotta-dei-tre-livelli\/?_thumbnail_id=754\">Leggi anche: Escursioni Etna &#8211; La grotta dei tre livelli sull&#8217;Etna<\/a><\/div>\n<\/div>\n\n\n\n<p>Divenne cos\u00ec il secondo monastero pi\u00f9 grande d&#8217;Europa dopo quello di Manfra in Portogallo. La Chiesa, che avrebbe dovuto essere la pi\u00f9 importante dell\u2019isola, rimase per\u00f2 incompiuta. Sebbene alcuni aspetti del monastero vennero lasciati  incompiuti, la positivit\u00e0 e l\u2019iniziativa del popolo catanese lo spinse ad utilizzare la lava dell&#8217;Etna per la realizzazione di parte dei due giardini pensili e dell\u2019orto botanico, soprannominato la <strong>villa delle meraviglie.&nbsp;<\/strong><\/p>\n\n\n\n<h2 class=\"wp-block-heading has-vivid-cyan-blue-color has-text-color\">Il recupero<\/h2>\n\n\n\n<figure class=\"wp-block-image size-large is-resized\"><img loading=\"lazy\" decoding=\"async\" src=\"https:\/\/www.sicilying.com\/it\/blog\/wp-content\/uploads\/2020\/05\/cal-34486-1024x725.jpg\" alt=\"tra antico e moderno\" class=\"wp-image-3238\" width=\"669\" height=\"473\"\/><figcaption class=\"wp-element-caption\">\u00a9 Monasterodeibenedettini.it<\/figcaption><\/figure>\n\n\n\n<p>Nel 1980 l&#8217;Universit\u00e0 di Catania affid\u00f2 a <strong>Giancarlo De Carlo<\/strong> il recupero del Monastero dei Benedettini e il suo adattamento a sede universitaria. L\u2019intervento di recupero ha portato all\u2019introduzione di elementi fortemente contemporanei, che si aggiungono agli \u201cantichi\u201d rievocandone la forza e restituendogli inoltre una nuova identit\u00e0. Il Progetto di De Carlo nel 2004 diviene oggetto dell\u2019esposizione Des lieux, des hommes al Centre Pompidou di Parigi. Quattro anni dopo, nel 2008, il Monastero viene riconosciuto come <strong>\u201cOpera di Architettura Contemporanea\u201d<\/strong> dalla Regione Siciliana.<\/p>\n\n\n\n<h2 class=\"wp-block-heading has-vivid-cyan-blue-color has-text-color\"><strong>Orari di apertura<\/strong><\/h2>\n\n\n\n<p>Il <a href=\"https:\/\/www.monasterodeibenedettini.it\" target=\"_blank\" rel=\"noreferrer noopener\">monastero dei benedettini<\/a> di Catania \u00e8 aperto tutti i giorni dalle 9:00 alle 17:00, in Agosto dalle 11:00 alle 18:00.<\/p>\n\n\n\n<h2 class=\"wp-block-heading has-vivid-cyan-blue-color has-text-color\"><strong>Come arrivare<\/strong><\/h2>\n\n\n\n<p><strong>Autobus:<\/strong><br>dalla piazza Borsellino (Porto, Archi della Marina), prendere la Linea Circolare 503 e scendere in piazza Dante. Da piazza della Repubblica (Stazione Centrale) prendere il 902, e scendere in via Vittorio Emanuele dopo il Teatro Romano; proseguire a piedi da via Quartarone fino a piazza Dante.<\/p>\n\n\n\n<p><strong><a href=\"https:\/\/www.sicilying.com\/transfer\" target=\"_blank\" rel=\"noreferrer noopener\">Transfer privato: <\/a><\/strong>possiamo organizzare per voi un transfer dalla vostra struttura ricettiva.<\/p>\n\n\n\n<p><strong>A piedi o in automobile:<\/strong><br>seguire i percorsi desiderati e stabiliti sulla base delle seguenti indicazioni geografiche o sulla mappa sottostante<\/p>\n\n\n\n<p><strong>Coordinate:<\/strong><br>37.503638,15.080558<br>Latitudine: 37\u00b030\u201915.54\u201dN<br>Longitudine: 15\u00b0 4\u201946.99\u201dE<\/p>\n","protected":false},"excerpt":{"rendered":"<p>Il Monastero dei Benedettini di Catania \u00e8 una di quelle tappe irrinunciabili per chi trascorre qualche giorno a Catania. Dal fascino mistico e da un&#8217; architettura tardo-barocca siciliana, il monastero \u00e8 uno dei complessi benedettini pi\u00f9 grandi d&#8217;Europa divenuto patrimonio mondiale dell&#8217;Unesco nel 2002. Scopritelo insieme a Sicilying! Un po&#8217; di storia Il Monastero dei Benedettini di Catania venne costruito dai monaci cassinesi nel 1558, e nel 1669 la zona fu colpita da una potente eruzione dell\u2019Etna che modific\u00f2 drasticamente il paesaggio intorno distruggendo la chiesa annessa al monastero. &nbsp; Tra terremoti ed eruzioni La ricostruzione del monastero inizi\u00f2 nel <\/p>\n","protected":false},"author":4,"featured_media":3232,"comment_status":"open","ping_status":"open","sticky":false,"template":"","format":"standard","meta":{"footnotes":""},"class_list":["post-3229","post","type-post","status-publish","format-standard","has-post-thumbnail","hentry","category-arte-cultura","category-curiosita","has_thumb"],"yoast_head":"<!-- This site is optimized with the Yoast SEO plugin v27.0 - https:\/\/yoast.com\/product\/yoast-seo-wordpress\/ -->\n<title>Monastero dei Benedettini di Catania: tra cultura, storia e architettura<\/title>\n<meta name=\"description\" content=\"Monastero dei Benedettini di Catania: alla scoperta della storia, delle calamit\u00e0 naturali e tutte le info su orari di apertura e come arrivare.\" \/>\n<meta name=\"robots\" content=\"index, follow, max-snippet:-1, max-image-preview:large, max-video-preview:-1\" \/>\n<link rel=\"canonical\" href=\"https:\/\/www.sicilying.com\/it\/blog\/monastero-dei-benedettini-di-catania-tra-cultura-storia-e-architettura\/\" \/>\n<meta property=\"og:locale\" content=\"it_IT\" \/>\n<meta property=\"og:type\" content=\"article\" \/>\n<meta property=\"og:title\" content=\"Monastero dei Benedettini di Catania: tra cultura, storia e architettura\" \/>\n<meta property=\"og:description\" content=\"Monastero dei Benedettini di Catania: alla scoperta della storia, delle calamit\u00e0 naturali e tutte le info su orari di apertura e come arrivare.\" \/>\n<meta property=\"og:url\" content=\"https:\/\/www.sicilying.com\/it\/blog\/monastero-dei-benedettini-di-catania-tra-cultura-storia-e-architettura\/\" \/>\n<meta property=\"og:site_name\" content=\"Sicilying Blog\" \/>\n<meta property=\"article:published_time\" content=\"2020-05-15T08:21:42+00:00\" \/>\n<meta property=\"article:modified_time\" content=\"2024-02-15T15:39:14+00:00\" \/>\n<meta property=\"og:image\" content=\"https:\/\/www.sicilying.com\/it\/blog\/wp-content\/uploads\/2020\/05\/monastero-benedettini-storia-gallery-2.jpg\" \/>\n\t<meta property=\"og:image:width\" content=\"1200\" \/>\n\t<meta property=\"og:image:height\" content=\"800\" \/>\n\t<meta property=\"og:image:type\" content=\"image\/jpeg\" \/>\n<meta name=\"author\" content=\"Carmelo Indelicato\" \/>\n<meta name=\"twitter:label1\" content=\"Scritto da\" \/>\n\t<meta name=\"twitter:data1\" content=\"Carmelo Indelicato\" \/>\n\t<meta name=\"twitter:label2\" content=\"Tempo di lettura stimato\" \/>\n\t<meta name=\"twitter:data2\" content=\"3 minuti\" \/>\n<script type=\"application\/ld+json\" class=\"yoast-schema-graph\">{\"@context\":\"https:\/\/schema.org\",\"@graph\":[{\"@type\":\"Article\",\"@id\":\"https:\/\/www.sicilying.com\/it\/blog\/monastero-dei-benedettini-di-catania-tra-cultura-storia-e-architettura\/#article\",\"isPartOf\":{\"@id\":\"https:\/\/www.sicilying.com\/it\/blog\/monastero-dei-benedettini-di-catania-tra-cultura-storia-e-architettura\/\"},\"author\":{\"name\":\"Carmelo Indelicato\",\"@id\":\"https:\/\/www.sicilying.com\/it\/blog\/#\/schema\/person\/46018981c72e809edf7ece6bd4e7bebc\"},\"headline\":\"Monastero dei Benedettini di Catania: tra cultura, storia e architettura\",\"datePublished\":\"2020-05-15T08:21:42+00:00\",\"dateModified\":\"2024-02-15T15:39:14+00:00\",\"mainEntityOfPage\":{\"@id\":\"https:\/\/www.sicilying.com\/it\/blog\/monastero-dei-benedettini-di-catania-tra-cultura-storia-e-architettura\/\"},\"wordCount\":451,\"commentCount\":0,\"publisher\":{\"@id\":\"https:\/\/www.sicilying.com\/it\/blog\/#organization\"},\"image\":{\"@id\":\"https:\/\/www.sicilying.com\/it\/blog\/monastero-dei-benedettini-di-catania-tra-cultura-storia-e-architettura\/#primaryimage\"},\"thumbnailUrl\":\"https:\/\/www.sicilying.com\/it\/blog\/wp-content\/uploads\/2020\/05\/monastero-benedettini-storia-gallery-2.jpg\",\"articleSection\":[\"Arte e Cultura\",\"Curiosit\u00e0\"],\"inLanguage\":\"it-IT\",\"potentialAction\":[{\"@type\":\"CommentAction\",\"name\":\"Comment\",\"target\":[\"https:\/\/www.sicilying.com\/it\/blog\/monastero-dei-benedettini-di-catania-tra-cultura-storia-e-architettura\/#respond\"]}]},{\"@type\":\"WebPage\",\"@id\":\"https:\/\/www.sicilying.com\/it\/blog\/monastero-dei-benedettini-di-catania-tra-cultura-storia-e-architettura\/\",\"url\":\"https:\/\/www.sicilying.com\/it\/blog\/monastero-dei-benedettini-di-catania-tra-cultura-storia-e-architettura\/\",\"name\":\"Monastero dei Benedettini di Catania: tra cultura, storia e architettura\",\"isPartOf\":{\"@id\":\"https:\/\/www.sicilying.com\/it\/blog\/#website\"},\"primaryImageOfPage\":{\"@id\":\"https:\/\/www.sicilying.com\/it\/blog\/monastero-dei-benedettini-di-catania-tra-cultura-storia-e-architettura\/#primaryimage\"},\"image\":{\"@id\":\"https:\/\/www.sicilying.com\/it\/blog\/monastero-dei-benedettini-di-catania-tra-cultura-storia-e-architettura\/#primaryimage\"},\"thumbnailUrl\":\"https:\/\/www.sicilying.com\/it\/blog\/wp-content\/uploads\/2020\/05\/monastero-benedettini-storia-gallery-2.jpg\",\"datePublished\":\"2020-05-15T08:21:42+00:00\",\"dateModified\":\"2024-02-15T15:39:14+00:00\",\"description\":\"Monastero dei Benedettini di Catania: alla scoperta della storia, delle calamit\u00e0 naturali e tutte le info su orari di apertura e come arrivare.\",\"breadcrumb\":{\"@id\":\"https:\/\/www.sicilying.com\/it\/blog\/monastero-dei-benedettini-di-catania-tra-cultura-storia-e-architettura\/#breadcrumb\"},\"inLanguage\":\"it-IT\",\"potentialAction\":[{\"@type\":\"ReadAction\",\"target\":[\"https:\/\/www.sicilying.com\/it\/blog\/monastero-dei-benedettini-di-catania-tra-cultura-storia-e-architettura\/\"]}]},{\"@type\":\"ImageObject\",\"inLanguage\":\"it-IT\",\"@id\":\"https:\/\/www.sicilying.com\/it\/blog\/monastero-dei-benedettini-di-catania-tra-cultura-storia-e-architettura\/#primaryimage\",\"url\":\"https:\/\/www.sicilying.com\/it\/blog\/wp-content\/uploads\/2020\/05\/monastero-benedettini-storia-gallery-2.jpg\",\"contentUrl\":\"https:\/\/www.sicilying.com\/it\/blog\/wp-content\/uploads\/2020\/05\/monastero-benedettini-storia-gallery-2.jpg\",\"width\":1200,\"height\":800,\"caption\":\"Monastero dei benedettini\"},{\"@type\":\"BreadcrumbList\",\"@id\":\"https:\/\/www.sicilying.com\/it\/blog\/monastero-dei-benedettini-di-catania-tra-cultura-storia-e-architettura\/#breadcrumb\",\"itemListElement\":[{\"@type\":\"ListItem\",\"position\":1,\"name\":\"Home\",\"item\":\"https:\/\/www.sicilying.com\/it\/blog\/\"},{\"@type\":\"ListItem\",\"position\":2,\"name\":\"Monastero dei Benedettini di Catania: tra cultura, storia e architettura\"}]},{\"@type\":\"WebSite\",\"@id\":\"https:\/\/www.sicilying.com\/it\/blog\/#website\",\"url\":\"https:\/\/www.sicilying.com\/it\/blog\/\",\"name\":\"Sicilying Blog\",\"description\":\"Trova la tua esperienza in Sicilia\",\"publisher\":{\"@id\":\"https:\/\/www.sicilying.com\/it\/blog\/#organization\"},\"potentialAction\":[{\"@type\":\"SearchAction\",\"target\":{\"@type\":\"EntryPoint\",\"urlTemplate\":\"https:\/\/www.sicilying.com\/it\/blog\/?s={search_term_string}\"},\"query-input\":{\"@type\":\"PropertyValueSpecification\",\"valueRequired\":true,\"valueName\":\"search_term_string\"}}],\"inLanguage\":\"it-IT\"},{\"@type\":\"Organization\",\"@id\":\"https:\/\/www.sicilying.com\/it\/blog\/#organization\",\"name\":\"Sicilying Blog\",\"url\":\"https:\/\/www.sicilying.com\/it\/blog\/\",\"logo\":{\"@type\":\"ImageObject\",\"inLanguage\":\"it-IT\",\"@id\":\"https:\/\/www.sicilying.com\/it\/blog\/#\/schema\/logo\/image\/\",\"url\":\"https:\/\/www.sicilying.com\/it\/blog\/wp-content\/uploads\/2024\/03\/cropped-Schermata-2023-04-17-alle-12.23.27.png\",\"contentUrl\":\"https:\/\/www.sicilying.com\/it\/blog\/wp-content\/uploads\/2024\/03\/cropped-Schermata-2023-04-17-alle-12.23.27.png\",\"width\":855,\"height\":764,\"caption\":\"Sicilying Blog\"},\"image\":{\"@id\":\"https:\/\/www.sicilying.com\/it\/blog\/#\/schema\/logo\/image\/\"}},{\"@type\":\"Person\",\"@id\":\"https:\/\/www.sicilying.com\/it\/blog\/#\/schema\/person\/46018981c72e809edf7ece6bd4e7bebc\",\"name\":\"Carmelo Indelicato\",\"image\":{\"@type\":\"ImageObject\",\"inLanguage\":\"it-IT\",\"@id\":\"https:\/\/www.sicilying.com\/it\/blog\/#\/schema\/person\/image\/\",\"url\":\"https:\/\/secure.gravatar.com\/avatar\/b9f175cf038c379d467c03c4f5116ec1498fa1d2a0fff9c2c5b5ae09b5a439df?s=96&d=mm&r=g\",\"contentUrl\":\"https:\/\/secure.gravatar.com\/avatar\/b9f175cf038c379d467c03c4f5116ec1498fa1d2a0fff9c2c5b5ae09b5a439df?s=96&d=mm&r=g\",\"caption\":\"Carmelo Indelicato\"},\"url\":\"https:\/\/www.sicilying.com\/it\/blog\/author\/mgiuliana\/\"}]}<\/script>\n<!-- \/ Yoast SEO plugin. -->","yoast_head_json":{"title":"Monastero dei Benedettini di Catania: tra cultura, storia e architettura","description":"Monastero dei Benedettini di Catania: alla scoperta della storia, delle calamit\u00e0 naturali e tutte le info su orari di apertura e come arrivare.","robots":{"index":"index","follow":"follow","max-snippet":"max-snippet:-1","max-image-preview":"max-image-preview:large","max-video-preview":"max-video-preview:-1"},"canonical":"https:\/\/www.sicilying.com\/it\/blog\/monastero-dei-benedettini-di-catania-tra-cultura-storia-e-architettura\/","og_locale":"it_IT","og_type":"article","og_title":"Monastero dei Benedettini di Catania: tra cultura, storia e architettura","og_description":"Monastero dei Benedettini di Catania: alla scoperta della storia, delle calamit\u00e0 naturali e tutte le info su orari di apertura e come arrivare.","og_url":"https:\/\/www.sicilying.com\/it\/blog\/monastero-dei-benedettini-di-catania-tra-cultura-storia-e-architettura\/","og_site_name":"Sicilying Blog","article_published_time":"2020-05-15T08:21:42+00:00","article_modified_time":"2024-02-15T15:39:14+00:00","og_image":[{"width":1200,"height":800,"url":"https:\/\/www.sicilying.com\/it\/blog\/wp-content\/uploads\/2020\/05\/monastero-benedettini-storia-gallery-2.jpg","type":"image\/jpeg"}],"author":"Carmelo Indelicato","twitter_misc":{"Scritto da":"Carmelo Indelicato","Tempo di lettura stimato":"3 minuti"},"schema":{"@context":"https:\/\/schema.org","@graph":[{"@type":"Article","@id":"https:\/\/www.sicilying.com\/it\/blog\/monastero-dei-benedettini-di-catania-tra-cultura-storia-e-architettura\/#article","isPartOf":{"@id":"https:\/\/www.sicilying.com\/it\/blog\/monastero-dei-benedettini-di-catania-tra-cultura-storia-e-architettura\/"},"author":{"name":"Carmelo Indelicato","@id":"https:\/\/www.sicilying.com\/it\/blog\/#\/schema\/person\/46018981c72e809edf7ece6bd4e7bebc"},"headline":"Monastero dei Benedettini di Catania: tra cultura, storia e architettura","datePublished":"2020-05-15T08:21:42+00:00","dateModified":"2024-02-15T15:39:14+00:00","mainEntityOfPage":{"@id":"https:\/\/www.sicilying.com\/it\/blog\/monastero-dei-benedettini-di-catania-tra-cultura-storia-e-architettura\/"},"wordCount":451,"commentCount":0,"publisher":{"@id":"https:\/\/www.sicilying.com\/it\/blog\/#organization"},"image":{"@id":"https:\/\/www.sicilying.com\/it\/blog\/monastero-dei-benedettini-di-catania-tra-cultura-storia-e-architettura\/#primaryimage"},"thumbnailUrl":"https:\/\/www.sicilying.com\/it\/blog\/wp-content\/uploads\/2020\/05\/monastero-benedettini-storia-gallery-2.jpg","articleSection":["Arte e Cultura","Curiosit\u00e0"],"inLanguage":"it-IT","potentialAction":[{"@type":"CommentAction","name":"Comment","target":["https:\/\/www.sicilying.com\/it\/blog\/monastero-dei-benedettini-di-catania-tra-cultura-storia-e-architettura\/#respond"]}]},{"@type":"WebPage","@id":"https:\/\/www.sicilying.com\/it\/blog\/monastero-dei-benedettini-di-catania-tra-cultura-storia-e-architettura\/","url":"https:\/\/www.sicilying.com\/it\/blog\/monastero-dei-benedettini-di-catania-tra-cultura-storia-e-architettura\/","name":"Monastero dei Benedettini di Catania: tra cultura, storia e architettura","isPartOf":{"@id":"https:\/\/www.sicilying.com\/it\/blog\/#website"},"primaryImageOfPage":{"@id":"https:\/\/www.sicilying.com\/it\/blog\/monastero-dei-benedettini-di-catania-tra-cultura-storia-e-architettura\/#primaryimage"},"image":{"@id":"https:\/\/www.sicilying.com\/it\/blog\/monastero-dei-benedettini-di-catania-tra-cultura-storia-e-architettura\/#primaryimage"},"thumbnailUrl":"https:\/\/www.sicilying.com\/it\/blog\/wp-content\/uploads\/2020\/05\/monastero-benedettini-storia-gallery-2.jpg","datePublished":"2020-05-15T08:21:42+00:00","dateModified":"2024-02-15T15:39:14+00:00","description":"Monastero dei Benedettini di Catania: alla scoperta della storia, delle calamit\u00e0 naturali e tutte le info su orari di apertura e come arrivare.","breadcrumb":{"@id":"https:\/\/www.sicilying.com\/it\/blog\/monastero-dei-benedettini-di-catania-tra-cultura-storia-e-architettura\/#breadcrumb"},"inLanguage":"it-IT","potentialAction":[{"@type":"ReadAction","target":["https:\/\/www.sicilying.com\/it\/blog\/monastero-dei-benedettini-di-catania-tra-cultura-storia-e-architettura\/"]}]},{"@type":"ImageObject","inLanguage":"it-IT","@id":"https:\/\/www.sicilying.com\/it\/blog\/monastero-dei-benedettini-di-catania-tra-cultura-storia-e-architettura\/#primaryimage","url":"https:\/\/www.sicilying.com\/it\/blog\/wp-content\/uploads\/2020\/05\/monastero-benedettini-storia-gallery-2.jpg","contentUrl":"https:\/\/www.sicilying.com\/it\/blog\/wp-content\/uploads\/2020\/05\/monastero-benedettini-storia-gallery-2.jpg","width":1200,"height":800,"caption":"Monastero dei benedettini"},{"@type":"BreadcrumbList","@id":"https:\/\/www.sicilying.com\/it\/blog\/monastero-dei-benedettini-di-catania-tra-cultura-storia-e-architettura\/#breadcrumb","itemListElement":[{"@type":"ListItem","position":1,"name":"Home","item":"https:\/\/www.sicilying.com\/it\/blog\/"},{"@type":"ListItem","position":2,"name":"Monastero dei Benedettini di Catania: tra cultura, storia e architettura"}]},{"@type":"WebSite","@id":"https:\/\/www.sicilying.com\/it\/blog\/#website","url":"https:\/\/www.sicilying.com\/it\/blog\/","name":"Sicilying Blog","description":"Trova la tua esperienza in Sicilia","publisher":{"@id":"https:\/\/www.sicilying.com\/it\/blog\/#organization"},"potentialAction":[{"@type":"SearchAction","target":{"@type":"EntryPoint","urlTemplate":"https:\/\/www.sicilying.com\/it\/blog\/?s={search_term_string}"},"query-input":{"@type":"PropertyValueSpecification","valueRequired":true,"valueName":"search_term_string"}}],"inLanguage":"it-IT"},{"@type":"Organization","@id":"https:\/\/www.sicilying.com\/it\/blog\/#organization","name":"Sicilying Blog","url":"https:\/\/www.sicilying.com\/it\/blog\/","logo":{"@type":"ImageObject","inLanguage":"it-IT","@id":"https:\/\/www.sicilying.com\/it\/blog\/#\/schema\/logo\/image\/","url":"https:\/\/www.sicilying.com\/it\/blog\/wp-content\/uploads\/2024\/03\/cropped-Schermata-2023-04-17-alle-12.23.27.png","contentUrl":"https:\/\/www.sicilying.com\/it\/blog\/wp-content\/uploads\/2024\/03\/cropped-Schermata-2023-04-17-alle-12.23.27.png","width":855,"height":764,"caption":"Sicilying Blog"},"image":{"@id":"https:\/\/www.sicilying.com\/it\/blog\/#\/schema\/logo\/image\/"}},{"@type":"Person","@id":"https:\/\/www.sicilying.com\/it\/blog\/#\/schema\/person\/46018981c72e809edf7ece6bd4e7bebc","name":"Carmelo Indelicato","image":{"@type":"ImageObject","inLanguage":"it-IT","@id":"https:\/\/www.sicilying.com\/it\/blog\/#\/schema\/person\/image\/","url":"https:\/\/secure.gravatar.com\/avatar\/b9f175cf038c379d467c03c4f5116ec1498fa1d2a0fff9c2c5b5ae09b5a439df?s=96&d=mm&r=g","contentUrl":"https:\/\/secure.gravatar.com\/avatar\/b9f175cf038c379d467c03c4f5116ec1498fa1d2a0fff9c2c5b5ae09b5a439df?s=96&d=mm&r=g","caption":"Carmelo Indelicato"},"url":"https:\/\/www.sicilying.com\/it\/blog\/author\/mgiuliana\/"}]}},"_links":{"self":[{"href":"https:\/\/www.sicilying.com\/it\/blog\/wp-json\/wp\/v2\/posts\/3229","targetHints":{"allow":["GET"]}}],"collection":[{"href":"https:\/\/www.sicilying.com\/it\/blog\/wp-json\/wp\/v2\/posts"}],"about":[{"href":"https:\/\/www.sicilying.com\/it\/blog\/wp-json\/wp\/v2\/types\/post"}],"author":[{"embeddable":true,"href":"https:\/\/www.sicilying.com\/it\/blog\/wp-json\/wp\/v2\/users\/4"}],"replies":[{"embeddable":true,"href":"https:\/\/www.sicilying.com\/it\/blog\/wp-json\/wp\/v2\/comments?post=3229"}],"version-history":[{"count":10,"href":"https:\/\/www.sicilying.com\/it\/blog\/wp-json\/wp\/v2\/posts\/3229\/revisions"}],"predecessor-version":[{"id":6393,"href":"https:\/\/www.sicilying.com\/it\/blog\/wp-json\/wp\/v2\/posts\/3229\/revisions\/6393"}],"wp:featuredmedia":[{"embeddable":true,"href":"https:\/\/www.sicilying.com\/it\/blog\/wp-json\/wp\/v2\/media\/3232"}],"wp:attachment":[{"href":"https:\/\/www.sicilying.com\/it\/blog\/wp-json\/wp\/v2\/media?parent=3229"}],"curies":[{"name":"wp","href":"https:\/\/api.w.org\/{rel}","templated":true}]}}